{"id":973,"date":"2020-02-04T12:09:52","date_gmt":"2020-02-04T12:09:52","guid":{"rendered":"https:\/\/elzorroazulfotografia.com\/?p=973"},"modified":"2023-11-16T14:16:48","modified_gmt":"2023-11-16T13:16:48","slug":"tu-embarazo-en-un-video","status":"publish","type":"post","link":"https:\/\/elzorroazulfotografia.com\/?p=973","title":{"rendered":"Tu embarazo en un v\u00eddeo"},"content":{"rendered":"<h1 style=\"text-align: center;\">\u00bfQuieres conservar el recuerdo de tu embarazo en v\u00eddeo?<\/h1>\n<p style=\"text-align: center;\">\u00bfUn<strong> v\u00eddeo de tu embarazo?<\/strong> S\u00ed. Hemos creado esta maravillosa opci\u00f3n para las familias m\u00e1s exigentes que quieren completar su <strong>reportaje de fotograf\u00eda de embarazo<\/strong> con algo m\u00e1s.<\/p>\n<p style=\"text-align: center;\">Si quieres conservar un <strong>recuerdo de tu embarazo<\/strong> no s\u00f3lo en fotograf\u00eda, si no tambi\u00e9n en v\u00eddeo, aqu\u00ed tienes algo<strong> creado especialmente para t\u00ed.<\/strong><\/p>\n<p style=\"text-align: center;\">Tus gestos, tus sonrisas y sobretodo tus palabras quedar\u00e1n grabadas para siempre.<\/p>\n<p style=\"text-align: center;\"><img class=\"lazyload\" decoding=\"async\" src=\"https:\/\/elzorroazulfotografia.com\/wp-content\/uploads\/2020\/02\/fotografia-de-embarazo-en-exteriores-en-madrid-1-1920x1280.jpg\" data-orig-src=\"https:\/\/elzorroazulfotografia.com\/wp-content\/uploads\/2020\/02\/fotografia-de-embarazo-en-exteriores-en-madrid-1-1920x1280.jpg\" data-sizes=\"auto\" data-orig-sizes=\"(max-width: 1140px) 100vw, 1140px\" srcset=\"data:image\/svg+xml,%3Csvg%20xmlns%3D%27http%3A%2F%2Fwww.w3.org%2F2000%2Fsvg%27%20width%3D%271140%27%20height%3D%27760%27%20viewBox%3D%270%200%201140%20760%27%3E%3Crect%20width%3D%271140%27%20height%3D%27760%27%20fill-opacity%3D%220%22%2F%3E%3C%2Fsvg%3E\" data-srcset=\"https:\/\/elzorroazulfotografia.com\/wp-content\/uploads\/2020\/02\/fotografia-de-embarazo-en-exteriores-en-madrid-1-1920x1280.jpg 1920w, https:\/\/elzorroazulfotografia.com\/wp-content\/uploads\/2020\/02\/fotografia-de-embarazo-en-exteriores-en-madrid-1-300x200.jpg 300w, https:\/\/elzorroazulfotografia.com\/wp-content\/uploads\/2020\/02\/fotografia-de-embarazo-en-exteriores-en-madrid-1-1024x684.jpg 1024w, https:\/\/elzorroazulfotografia.com\/wp-content\/uploads\/2020\/02\/fotografia-de-embarazo-en-exteriores-en-madrid-1-768x513.jpg 768w, https:\/\/elzorroazulfotografia.com\/wp-content\/uploads\/2020\/02\/fotografia-de-embarazo-en-exteriores-en-madrid-1.jpg 1200w\" alt=\"Fotograf\u00eda de embarazo en Madrid\" width=\"1140\" height=\"760\" \/><\/p>\n<p style=\"text-align: center;\">\u00bfQu\u00e9 tiene de especial un v\u00eddeo de embarazo?<\/p>\n<p style=\"text-align: center;\"><strong>Tu experiencia con tus propias palabras.<\/strong> As\u00ed de simple. Te haremos una <strong>entrevista<\/strong> para el futuro, para que tu dijo el d\u00eda de ma\u00f1ana pueda conocer de primera mano <strong>todo lo que sent\u00edas cuando estaba en tu barriguita<\/strong>, tus ilusiones, tus nervios, tus miedos, tus emociones&#8230;.<\/p>\n<p style=\"text-align: center;\"><strong>\u00bfNo es un legado precioso para tus hijos?\u00a0<\/strong>Piensa en la felicidad que sentir\u00e1n al ver a su mam\u00e1 feliz, nerviosa y deseosa de conocerles antes de que naciesen.<\/p>\n<p style=\"text-align: center;\"><img class=\"lazyload\" decoding=\"async\" src=\"https:\/\/elzorroazulfotografia.com\/wp-content\/uploads\/2020\/02\/fotografia-de-embarazo-en-exteriores-en-madrid-2-1920x1280.jpg\" data-orig-src=\"https:\/\/elzorroazulfotografia.com\/wp-content\/uploads\/2020\/02\/fotografia-de-embarazo-en-exteriores-en-madrid-2-1920x1280.jpg\" data-sizes=\"auto\" data-orig-sizes=\"(max-width: 1140px) 100vw, 1140px\" srcset=\"data:image\/svg+xml,%3Csvg%20xmlns%3D%27http%3A%2F%2Fwww.w3.org%2F2000%2Fsvg%27%20width%3D%271140%27%20height%3D%27760%27%20viewBox%3D%270%200%201140%20760%27%3E%3Crect%20width%3D%271140%27%20height%3D%27760%27%20fill-opacity%3D%220%22%2F%3E%3C%2Fsvg%3E\" data-srcset=\"https:\/\/elzorroazulfotografia.com\/wp-content\/uploads\/2020\/02\/fotografia-de-embarazo-en-exteriores-en-madrid-2-1920x1280.jpg 1920w, https:\/\/elzorroazulfotografia.com\/wp-content\/uploads\/2020\/02\/fotografia-de-embarazo-en-exteriores-en-madrid-2-300x200.jpg 300w, https:\/\/elzorroazulfotografia.com\/wp-content\/uploads\/2020\/02\/fotografia-de-embarazo-en-exteriores-en-madrid-2-1024x684.jpg 1024w, https:\/\/elzorroazulfotografia.com\/wp-content\/uploads\/2020\/02\/fotografia-de-embarazo-en-exteriores-en-madrid-2-768x513.jpg 768w, https:\/\/elzorroazulfotografia.com\/wp-content\/uploads\/2020\/02\/fotografia-de-embarazo-en-exteriores-en-madrid-2.jpg 1200w\" alt=\"Fotograf\u00eda de maternidad en Madrid\" width=\"1140\" height=\"760\" \/><br \/>\n<img class=\"lazyload\" decoding=\"async\" src=\"https:\/\/elzorroazulfotografia.com\/wp-content\/uploads\/2020\/02\/fotografia-de-embarazo-en-exteriores-en-madrid-4-1920x1280.jpg\" data-orig-src=\"https:\/\/elzorroazulfotografia.com\/wp-content\/uploads\/2020\/02\/fotografia-de-embarazo-en-exteriores-en-madrid-4-1920x1280.jpg\" data-sizes=\"auto\" data-orig-sizes=\"(max-width: 1140px) 100vw, 1140px\" srcset=\"data:image\/svg+xml,%3Csvg%20xmlns%3D%27http%3A%2F%2Fwww.w3.org%2F2000%2Fsvg%27%20width%3D%271140%27%20height%3D%27760%27%20viewBox%3D%270%200%201140%20760%27%3E%3Crect%20width%3D%271140%27%20height%3D%27760%27%20fill-opacity%3D%220%22%2F%3E%3C%2Fsvg%3E\" data-srcset=\"https:\/\/elzorroazulfotografia.com\/wp-content\/uploads\/2020\/02\/fotografia-de-embarazo-en-exteriores-en-madrid-4-1920x1280.jpg 1920w, https:\/\/elzorroazulfotografia.com\/wp-content\/uploads\/2020\/02\/fotografia-de-embarazo-en-exteriores-en-madrid-4-300x200.jpg 300w, https:\/\/elzorroazulfotografia.com\/wp-content\/uploads\/2020\/02\/fotografia-de-embarazo-en-exteriores-en-madrid-4-1024x684.jpg 1024w, https:\/\/elzorroazulfotografia.com\/wp-content\/uploads\/2020\/02\/fotografia-de-embarazo-en-exteriores-en-madrid-4-768x513.jpg 768w, https:\/\/elzorroazulfotografia.com\/wp-content\/uploads\/2020\/02\/fotografia-de-embarazo-en-exteriores-en-madrid-4.jpg 1200w\" alt=\"Fotograf\u00eda familiar en Madrid\" width=\"1140\" height=\"760\" \/><br \/>\n<img class=\"lazyload\" decoding=\"async\" src=\"data:image\/svg+xml,%3Csvg%20xmlns%3D%27http%3A%2F%2Fwww.w3.org%2F2000%2Fsvg%27%20width%3D%27768%27%20height%3D%271024%27%20viewBox%3D%270%200%20768%201024%27%3E%3Crect%20width%3D%27768%27%20height%3D%271024%27%20fill-opacity%3D%220%22%2F%3E%3C%2Fsvg%3E\" data-orig-src=\"https:\/\/elzorroazulfotografia.com\/wp-content\/uploads\/2020\/02\/fotografia-de-embarazo-en-exteriores-en-madrid-3-768x1024.jpg\" alt=\"Fotograf\u00eda de embarazo en Madrid\" width=\"768\" height=\"1024\" \/><\/p>\n<p style=\"text-align: center;\">\u00bfCu\u00e1ndo se har\u00eda?<\/p>\n<p style=\"text-align: center;\"><b>El v\u00eddeo <\/b>de tu embarazo lo realizaremos durante la propia sesi\u00f3n de embarazo. No es un making off en s\u00ed de la sesi\u00f3n. El v\u00eddeo tiene su propio tiempo mientras estemos todos juntos para convertirlo en algo maravilloso y \u00fanico.<\/p>\n<p style=\"text-align: center;\">\u00bfQuieres ver c\u00f3mo son nuestros<strong>\u00a0v\u00eddeos<\/strong>\u00a0de embarazo en exteriores en pleno <strong>Madrid<\/strong>?<\/p>\n<p style=\"text-align: center;\">Puedes encontrar m\u00e1s informaci\u00f3n sobre nuestros reportajes en exteriores\u00a0<a href=\"https:\/\/elzorroazulfotografia.com\/fotografia-de-embarazo-en-madrid\/\">aqu\u00ed<\/a> o pedir m\u00e1s informaci\u00f3n o reservar una cita rellenando el siguiente <a href=\"https:\/\/elzorroazulfotografia.com\/contacto\/\">formulario.<\/a><\/p>\n","protected":false},"excerpt":{"rendered":"<p>\u00bfQuieres conservar el recuerdo de tu embarazo en v\u00eddeo? \u00bfUn v\u00eddeo de tu embarazo? S\u00ed. Hemos creado esta maravillosa opci\u00f3n [&hellip;]<\/p>\n","protected":false},"author":1,"featured_media":975,"comment_status":"open","ping_status":"open","sticky":false,"template":"","format":"standard","meta":{"footnotes":""},"categories":[52,45],"tags":[53,54,55,56,50,57],"class_list":["post-973","post","type-post","status-publish","format-standard","has-post-thumbnail","hentry","category-embarazo","category-uncategorized","tag-embarazo","tag-fotografia-de-embarazo","tag-maternidad","tag-pre-mama","tag-reportaje-en-exteriores","tag-video"],"yoast_head":"<!-- This site is optimized with the Yoast SEO plugin v27.9 - https:\/\/yoast.com\/product\/yoast-seo-wordpress\/ -->\n<title>Tu embarazo en un v\u00eddeo - El Zorro Azul Fotograf\u00eda: Capturamos los momentos m\u00e1s especiales de tu familia<\/title>\n<meta name=\"description\" content=\"Reportaje de embarazo en v\u00eddeo. Un recuerdo v\u00edvido de una etapa maravillosa gracias a un v\u00eddeo que complementar\u00e1 el reportaje fotogr\u00e1fico de maternidad.\" \/>\n<meta name=\"robots\" content=\"index, follow, max-snippet:-1, max-image-preview:large, max-video-preview:-1\" \/>\n<link rel=\"canonical\" href=\"https:\/\/elzorroazulfotografia.com\/?p=973\" \/>\n<meta property=\"og:locale\" content=\"es_ES\" \/>\n<meta property=\"og:type\" content=\"article\" \/>\n<meta property=\"og:title\" content=\"Tu embarazo en un v\u00eddeo - El Zorro Azul Fotograf\u00eda: Capturamos los momentos m\u00e1s especiales de tu familia\" \/>\n<meta property=\"og:description\" content=\"Reportaje de embarazo en v\u00eddeo. Un recuerdo v\u00edvido de una etapa maravillosa gracias a un v\u00eddeo que complementar\u00e1 el reportaje fotogr\u00e1fico de maternidad.\" \/>\n<meta property=\"og:url\" content=\"https:\/\/elzorroazulfotografia.com\/?p=973\" \/>\n<meta property=\"og:site_name\" content=\"El Zorro Azul Fotograf\u00eda: Capturamos los momentos m\u00e1s especiales de tu familia\" \/>\n<meta property=\"article:publisher\" content=\"https:\/\/www.facebook.com\/elzorroazulfotografia\" \/>\n<meta property=\"article:published_time\" content=\"2020-02-04T12:09:52+00:00\" \/>\n<meta property=\"article:modified_time\" content=\"2023-11-16T13:16:48+00:00\" \/>\n<meta property=\"og:image\" content=\"https:\/\/elzorroazulfotografia.com\/wp-content\/uploads\/2020\/02\/fotografia-de-embarazo-en-exteriores-en-madrid-1.jpg\" \/>\n\t<meta property=\"og:image:width\" content=\"1200\" \/>\n\t<meta property=\"og:image:height\" content=\"801\" \/>\n\t<meta property=\"og:image:type\" content=\"image\/jpeg\" \/>\n<meta name=\"author\" content=\"ioonic\" \/>\n<meta name=\"twitter:card\" content=\"summary_large_image\" \/>\n<meta name=\"twitter:label1\" content=\"Escrito por\" \/>\n\t<meta name=\"twitter:data1\" content=\"ioonic\" \/>\n\t<meta name=\"twitter:label2\" content=\"Tiempo de lectura\" \/>\n\t<meta name=\"twitter:data2\" content=\"1 minuto\" \/>\n<script type=\"application\/ld+json\" class=\"yoast-schema-graph\">{\"@context\":\"https:\\\/\\\/schema.org\",\"@graph\":[{\"@type\":\"Article\",\"@id\":\"https:\\\/\\\/elzorroazulfotografia.com\\\/?p=973#article\",\"isPartOf\":{\"@id\":\"https:\\\/\\\/elzorroazulfotografia.com\\\/?p=973\"},\"author\":{\"name\":\"ioonic\",\"@id\":\"https:\\\/\\\/elzorroazulfotografia.com\\\/#\\\/schema\\\/person\\\/6052a50f9bb086aa7ee55daa16650e41\"},\"headline\":\"Tu embarazo en un v\u00eddeo\",\"datePublished\":\"2020-02-04T12:09:52+00:00\",\"dateModified\":\"2023-11-16T13:16:48+00:00\",\"mainEntityOfPage\":{\"@id\":\"https:\\\/\\\/elzorroazulfotografia.com\\\/?p=973\"},\"wordCount\":268,\"commentCount\":0,\"publisher\":{\"@id\":\"https:\\\/\\\/elzorroazulfotografia.com\\\/#organization\"},\"image\":{\"@id\":\"https:\\\/\\\/elzorroazulfotografia.com\\\/?p=973#primaryimage\"},\"thumbnailUrl\":\"https:\\\/\\\/elzorroazulfotografia.com\\\/wp-content\\\/uploads\\\/2020\\\/02\\\/fotografia-de-embarazo-en-exteriores-en-madrid-1.jpg\",\"keywords\":[\"embarazo\",\"fotograf\u00eda de embarazo\",\"maternidad\",\"pre mam\u00e1\",\"Reportaje en exteriores\",\"Video\"],\"articleSection\":[\"Embarazo\",\"Uncategorized\"],\"inLanguage\":\"es\",\"potentialAction\":[{\"@type\":\"CommentAction\",\"name\":\"Comment\",\"target\":[\"https:\\\/\\\/elzorroazulfotografia.com\\\/?p=973#respond\"]}]},{\"@type\":\"WebPage\",\"@id\":\"https:\\\/\\\/elzorroazulfotografia.com\\\/?p=973\",\"url\":\"https:\\\/\\\/elzorroazulfotografia.com\\\/?p=973\",\"name\":\"Tu embarazo en un v\u00eddeo - El Zorro Azul Fotograf\u00eda: Capturamos los momentos m\u00e1s especiales de tu familia\",\"isPartOf\":{\"@id\":\"https:\\\/\\\/elzorroazulfotografia.com\\\/#website\"},\"primaryImageOfPage\":{\"@id\":\"https:\\\/\\\/elzorroazulfotografia.com\\\/?p=973#primaryimage\"},\"image\":{\"@id\":\"https:\\\/\\\/elzorroazulfotografia.com\\\/?p=973#primaryimage\"},\"thumbnailUrl\":\"https:\\\/\\\/elzorroazulfotografia.com\\\/wp-content\\\/uploads\\\/2020\\\/02\\\/fotografia-de-embarazo-en-exteriores-en-madrid-1.jpg\",\"datePublished\":\"2020-02-04T12:09:52+00:00\",\"dateModified\":\"2023-11-16T13:16:48+00:00\",\"description\":\"Reportaje de embarazo en v\u00eddeo. Un recuerdo v\u00edvido de una etapa maravillosa gracias a un v\u00eddeo que complementar\u00e1 el reportaje fotogr\u00e1fico de maternidad.\",\"breadcrumb\":{\"@id\":\"https:\\\/\\\/elzorroazulfotografia.com\\\/?p=973#breadcrumb\"},\"inLanguage\":\"es\",\"potentialAction\":[{\"@type\":\"ReadAction\",\"target\":[\"https:\\\/\\\/elzorroazulfotografia.com\\\/?p=973\"]}]},{\"@type\":\"ImageObject\",\"inLanguage\":\"es\",\"@id\":\"https:\\\/\\\/elzorroazulfotografia.com\\\/?p=973#primaryimage\",\"url\":\"https:\\\/\\\/elzorroazulfotografia.com\\\/wp-content\\\/uploads\\\/2020\\\/02\\\/fotografia-de-embarazo-en-exteriores-en-madrid-1.jpg\",\"contentUrl\":\"https:\\\/\\\/elzorroazulfotografia.com\\\/wp-content\\\/uploads\\\/2020\\\/02\\\/fotografia-de-embarazo-en-exteriores-en-madrid-1.jpg\",\"width\":1200,\"height\":801,\"caption\":\"Fotograf\u00eda de embarazo en Madrid\"},{\"@type\":\"BreadcrumbList\",\"@id\":\"https:\\\/\\\/elzorroazulfotografia.com\\\/?p=973#breadcrumb\",\"itemListElement\":[{\"@type\":\"ListItem\",\"position\":1,\"name\":\"Portada\",\"item\":\"https:\\\/\\\/elzorroazulfotografia.com\\\/\"},{\"@type\":\"ListItem\",\"position\":2,\"name\":\"Tu embarazo en un v\u00eddeo\"}]},{\"@type\":\"WebSite\",\"@id\":\"https:\\\/\\\/elzorroazulfotografia.com\\\/#website\",\"url\":\"https:\\\/\\\/elzorroazulfotografia.com\\\/\",\"name\":\"El Zorro Azul Fotograf\u00eda: Capturamos los momentos m\u00e1s especiales de tu familia\",\"description\":\"El Zorro Azul Fotograf\u00eda es un estudio de fotograf\u00eda infantil y familiar en Coslada, Madrid y Guadalajara. Ana y Alberto, sus fot\u00f3grafos, son expertos en capturar la esencia \u00fanica de cada familia, desde las sesiones de reci\u00e9n nacido hasta las bodas.\",\"publisher\":{\"@id\":\"https:\\\/\\\/elzorroazulfotografia.com\\\/#organization\"},\"potentialAction\":[{\"@type\":\"SearchAction\",\"target\":{\"@type\":\"EntryPoint\",\"urlTemplate\":\"https:\\\/\\\/elzorroazulfotografia.com\\\/?s={search_term_string}\"},\"query-input\":{\"@type\":\"PropertyValueSpecification\",\"valueRequired\":true,\"valueName\":\"search_term_string\"}}],\"inLanguage\":\"es\"},{\"@type\":\"Organization\",\"@id\":\"https:\\\/\\\/elzorroazulfotografia.com\\\/#organization\",\"name\":\"El Zorro Azul Fotograf\u00eda: Capturamos los momentos m\u00e1s especiales de tu familia\",\"url\":\"https:\\\/\\\/elzorroazulfotografia.com\\\/\",\"logo\":{\"@type\":\"ImageObject\",\"inLanguage\":\"es\",\"@id\":\"https:\\\/\\\/elzorroazulfotografia.com\\\/#\\\/schema\\\/logo\\\/image\\\/\",\"url\":\"https:\\\/\\\/elzorroazulfotografia.com\\\/wp-content\\\/uploads\\\/2023\\\/11\\\/logo-x4.jpg\",\"contentUrl\":\"https:\\\/\\\/elzorroazulfotografia.com\\\/wp-content\\\/uploads\\\/2023\\\/11\\\/logo-x4.jpg\",\"width\":500,\"height\":704,\"caption\":\"El Zorro Azul Fotograf\u00eda: Capturamos los momentos m\u00e1s especiales de tu familia\"},\"image\":{\"@id\":\"https:\\\/\\\/elzorroazulfotografia.com\\\/#\\\/schema\\\/logo\\\/image\\\/\"},\"sameAs\":[\"https:\\\/\\\/www.facebook.com\\\/elzorroazulfotografia\",\"https:\\\/\\\/www.instagram.com\\\/elzorroazulfotografia\\\/\"]},{\"@type\":\"Person\",\"@id\":\"https:\\\/\\\/elzorroazulfotografia.com\\\/#\\\/schema\\\/person\\\/6052a50f9bb086aa7ee55daa16650e41\",\"name\":\"ioonic\",\"image\":{\"@type\":\"ImageObject\",\"inLanguage\":\"es\",\"@id\":\"https:\\\/\\\/secure.gravatar.com\\\/avatar\\\/43798980a93e19aec1acb420caf08124ab1ac48f44a680c63822543ba68c4c05?s=96&d=mm&r=g\",\"url\":\"https:\\\/\\\/secure.gravatar.com\\\/avatar\\\/43798980a93e19aec1acb420caf08124ab1ac48f44a680c63822543ba68c4c05?s=96&d=mm&r=g\",\"contentUrl\":\"https:\\\/\\\/secure.gravatar.com\\\/avatar\\\/43798980a93e19aec1acb420caf08124ab1ac48f44a680c63822543ba68c4c05?s=96&d=mm&r=g\",\"caption\":\"ioonic\"},\"sameAs\":[\"https:\\\/\\\/elzorroazulfotografia.com\"],\"url\":\"https:\\\/\\\/elzorroazulfotografia.com\\\/?author=1\"}]}<\/script>\n<!-- \/ Yoast SEO plugin. -->","yoast_head_json":{"title":"Tu embarazo en un v\u00eddeo - El Zorro Azul Fotograf\u00eda: Capturamos los momentos m\u00e1s especiales de tu familia","description":"Reportaje de embarazo en v\u00eddeo. Un recuerdo v\u00edvido de una etapa maravillosa gracias a un v\u00eddeo que complementar\u00e1 el reportaje fotogr\u00e1fico de maternidad.","robots":{"index":"index","follow":"follow","max-snippet":"max-snippet:-1","max-image-preview":"max-image-preview:large","max-video-preview":"max-video-preview:-1"},"canonical":"https:\/\/elzorroazulfotografia.com\/?p=973","og_locale":"es_ES","og_type":"article","og_title":"Tu embarazo en un v\u00eddeo - El Zorro Azul Fotograf\u00eda: Capturamos los momentos m\u00e1s especiales de tu familia","og_description":"Reportaje de embarazo en v\u00eddeo. Un recuerdo v\u00edvido de una etapa maravillosa gracias a un v\u00eddeo que complementar\u00e1 el reportaje fotogr\u00e1fico de maternidad.","og_url":"https:\/\/elzorroazulfotografia.com\/?p=973","og_site_name":"El Zorro Azul Fotograf\u00eda: Capturamos los momentos m\u00e1s especiales de tu familia","article_publisher":"https:\/\/www.facebook.com\/elzorroazulfotografia","article_published_time":"2020-02-04T12:09:52+00:00","article_modified_time":"2023-11-16T13:16:48+00:00","og_image":[{"width":1200,"height":801,"url":"https:\/\/elzorroazulfotografia.com\/wp-content\/uploads\/2020\/02\/fotografia-de-embarazo-en-exteriores-en-madrid-1.jpg","type":"image\/jpeg"}],"author":"ioonic","twitter_card":"summary_large_image","twitter_misc":{"Escrito por":"ioonic","Tiempo de lectura":"1 minuto"},"schema":{"@context":"https:\/\/schema.org","@graph":[{"@type":"Article","@id":"https:\/\/elzorroazulfotografia.com\/?p=973#article","isPartOf":{"@id":"https:\/\/elzorroazulfotografia.com\/?p=973"},"author":{"name":"ioonic","@id":"https:\/\/elzorroazulfotografia.com\/#\/schema\/person\/6052a50f9bb086aa7ee55daa16650e41"},"headline":"Tu embarazo en un v\u00eddeo","datePublished":"2020-02-04T12:09:52+00:00","dateModified":"2023-11-16T13:16:48+00:00","mainEntityOfPage":{"@id":"https:\/\/elzorroazulfotografia.com\/?p=973"},"wordCount":268,"commentCount":0,"publisher":{"@id":"https:\/\/elzorroazulfotografia.com\/#organization"},"image":{"@id":"https:\/\/elzorroazulfotografia.com\/?p=973#primaryimage"},"thumbnailUrl":"https:\/\/elzorroazulfotografia.com\/wp-content\/uploads\/2020\/02\/fotografia-de-embarazo-en-exteriores-en-madrid-1.jpg","keywords":["embarazo","fotograf\u00eda de embarazo","maternidad","pre mam\u00e1","Reportaje en exteriores","Video"],"articleSection":["Embarazo","Uncategorized"],"inLanguage":"es","potentialAction":[{"@type":"CommentAction","name":"Comment","target":["https:\/\/elzorroazulfotografia.com\/?p=973#respond"]}]},{"@type":"WebPage","@id":"https:\/\/elzorroazulfotografia.com\/?p=973","url":"https:\/\/elzorroazulfotografia.com\/?p=973","name":"Tu embarazo en un v\u00eddeo - El Zorro Azul Fotograf\u00eda: Capturamos los momentos m\u00e1s especiales de tu familia","isPartOf":{"@id":"https:\/\/elzorroazulfotografia.com\/#website"},"primaryImageOfPage":{"@id":"https:\/\/elzorroazulfotografia.com\/?p=973#primaryimage"},"image":{"@id":"https:\/\/elzorroazulfotografia.com\/?p=973#primaryimage"},"thumbnailUrl":"https:\/\/elzorroazulfotografia.com\/wp-content\/uploads\/2020\/02\/fotografia-de-embarazo-en-exteriores-en-madrid-1.jpg","datePublished":"2020-02-04T12:09:52+00:00","dateModified":"2023-11-16T13:16:48+00:00","description":"Reportaje de embarazo en v\u00eddeo. Un recuerdo v\u00edvido de una etapa maravillosa gracias a un v\u00eddeo que complementar\u00e1 el reportaje fotogr\u00e1fico de maternidad.","breadcrumb":{"@id":"https:\/\/elzorroazulfotografia.com\/?p=973#breadcrumb"},"inLanguage":"es","potentialAction":[{"@type":"ReadAction","target":["https:\/\/elzorroazulfotografia.com\/?p=973"]}]},{"@type":"ImageObject","inLanguage":"es","@id":"https:\/\/elzorroazulfotografia.com\/?p=973#primaryimage","url":"https:\/\/elzorroazulfotografia.com\/wp-content\/uploads\/2020\/02\/fotografia-de-embarazo-en-exteriores-en-madrid-1.jpg","contentUrl":"https:\/\/elzorroazulfotografia.com\/wp-content\/uploads\/2020\/02\/fotografia-de-embarazo-en-exteriores-en-madrid-1.jpg","width":1200,"height":801,"caption":"Fotograf\u00eda de embarazo en Madrid"},{"@type":"BreadcrumbList","@id":"https:\/\/elzorroazulfotografia.com\/?p=973#breadcrumb","itemListElement":[{"@type":"ListItem","position":1,"name":"Portada","item":"https:\/\/elzorroazulfotografia.com\/"},{"@type":"ListItem","position":2,"name":"Tu embarazo en un v\u00eddeo"}]},{"@type":"WebSite","@id":"https:\/\/elzorroazulfotografia.com\/#website","url":"https:\/\/elzorroazulfotografia.com\/","name":"El Zorro Azul Fotograf\u00eda: Capturamos los momentos m\u00e1s especiales de tu familia","description":"El Zorro Azul Fotograf\u00eda es un estudio de fotograf\u00eda infantil y familiar en Coslada, Madrid y Guadalajara. Ana y Alberto, sus fot\u00f3grafos, son expertos en capturar la esencia \u00fanica de cada familia, desde las sesiones de reci\u00e9n nacido hasta las bodas.","publisher":{"@id":"https:\/\/elzorroazulfotografia.com\/#organization"},"potentialAction":[{"@type":"SearchAction","target":{"@type":"EntryPoint","urlTemplate":"https:\/\/elzorroazulfotografia.com\/?s={search_term_string}"},"query-input":{"@type":"PropertyValueSpecification","valueRequired":true,"valueName":"search_term_string"}}],"inLanguage":"es"},{"@type":"Organization","@id":"https:\/\/elzorroazulfotografia.com\/#organization","name":"El Zorro Azul Fotograf\u00eda: Capturamos los momentos m\u00e1s especiales de tu familia","url":"https:\/\/elzorroazulfotografia.com\/","logo":{"@type":"ImageObject","inLanguage":"es","@id":"https:\/\/elzorroazulfotografia.com\/#\/schema\/logo\/image\/","url":"https:\/\/elzorroazulfotografia.com\/wp-content\/uploads\/2023\/11\/logo-x4.jpg","contentUrl":"https:\/\/elzorroazulfotografia.com\/wp-content\/uploads\/2023\/11\/logo-x4.jpg","width":500,"height":704,"caption":"El Zorro Azul Fotograf\u00eda: Capturamos los momentos m\u00e1s especiales de tu familia"},"image":{"@id":"https:\/\/elzorroazulfotografia.com\/#\/schema\/logo\/image\/"},"sameAs":["https:\/\/www.facebook.com\/elzorroazulfotografia","https:\/\/www.instagram.com\/elzorroazulfotografia\/"]},{"@type":"Person","@id":"https:\/\/elzorroazulfotografia.com\/#\/schema\/person\/6052a50f9bb086aa7ee55daa16650e41","name":"ioonic","image":{"@type":"ImageObject","inLanguage":"es","@id":"https:\/\/secure.gravatar.com\/avatar\/43798980a93e19aec1acb420caf08124ab1ac48f44a680c63822543ba68c4c05?s=96&d=mm&r=g","url":"https:\/\/secure.gravatar.com\/avatar\/43798980a93e19aec1acb420caf08124ab1ac48f44a680c63822543ba68c4c05?s=96&d=mm&r=g","contentUrl":"https:\/\/secure.gravatar.com\/avatar\/43798980a93e19aec1acb420caf08124ab1ac48f44a680c63822543ba68c4c05?s=96&d=mm&r=g","caption":"ioonic"},"sameAs":["https:\/\/elzorroazulfotografia.com"],"url":"https:\/\/elzorroazulfotografia.com\/?author=1"}]}},"_links":{"self":[{"href":"https:\/\/elzorroazulfotografia.com\/index.php?rest_route=\/wp\/v2\/posts\/973","targetHints":{"allow":["GET"]}}],"collection":[{"href":"https:\/\/elzorroazulfotografia.com\/index.php?rest_route=\/wp\/v2\/posts"}],"about":[{"href":"https:\/\/elzorroazulfotografia.com\/index.php?rest_route=\/wp\/v2\/types\/post"}],"author":[{"embeddable":true,"href":"https:\/\/elzorroazulfotografia.com\/index.php?rest_route=\/wp\/v2\/users\/1"}],"replies":[{"embeddable":true,"href":"https:\/\/elzorroazulfotografia.com\/index.php?rest_route=%2Fwp%2Fv2%2Fcomments&post=973"}],"version-history":[{"count":1,"href":"https:\/\/elzorroazulfotografia.com\/index.php?rest_route=\/wp\/v2\/posts\/973\/revisions"}],"predecessor-version":[{"id":1848,"href":"https:\/\/elzorroazulfotografia.com\/index.php?rest_route=\/wp\/v2\/posts\/973\/revisions\/1848"}],"wp:featuredmedia":[{"embeddable":true,"href":"https:\/\/elzorroazulfotografia.com\/index.php?rest_route=\/wp\/v2\/media\/975"}],"wp:attachment":[{"href":"https:\/\/elzorroazulfotografia.com\/index.php?rest_route=%2Fwp%2Fv2%2Fmedia&parent=973"}],"wp:term":[{"taxonomy":"category","embeddable":true,"href":"https:\/\/elzorroazulfotografia.com\/index.php?rest_route=%2Fwp%2Fv2%2Fcategories&post=973"},{"taxonomy":"post_tag","embeddable":true,"href":"https:\/\/elzorroazulfotografia.com\/index.php?rest_route=%2Fwp%2Fv2%2Ftags&post=973"}],"curies":[{"name":"wp","href":"https:\/\/api.w.org\/{rel}","templated":true}]}}